{"id":4427,"date":"2025-08-13T17:35:24","date_gmt":"2025-08-13T17:35:24","guid":{"rendered":"https:\/\/www.soziale-gerechtigkeit-bocholt.de\/?p=4427"},"modified":"2025-08-13T17:36:23","modified_gmt":"2025-08-13T17:36:23","slug":"baerbel-sauer-fuer-buergerbeteiligung-statt-hinterzimmerpolitik","status":"publish","type":"post","link":"https:\/\/www.soziale-gerechtigkeit-bocholt.de\/?p=4427","title":{"rendered":"B\u00e4rbel Sauer f\u00fcr B\u00fcrgerbeteiligung statt Hinterzimmerpolitik"},"content":{"rendered":"<div class=\"fcbkbttn_buttons_block\" id=\"fcbkbttn_left\"><div class=\"fcbkbttn_button\">\n\t\t\t\t\t<a href=\"https:\/\/www.facebook.com\/\" target=\"_blank\">\n\t\t\t\t\t\t<img decoding=\"async\" src=\"https:\/\/www.soziale-gerechtigkeit-bocholt.de\/wp-content\/plugins\/facebook-button-plugin\/images\/standard-facebook-ico.png\" alt=\"Fb-Button\" \/>\n\t\t\t\t\t<\/a>\n\t\t\t\t<\/div><div class=\"fcbkbttn_like \"><fb:like href=\"https:\/\/www.soziale-gerechtigkeit-bocholt.de\/?p=4427\" action=\"like\" colorscheme=\"light\" layout=\"standard\"  width=\"225px\" size=\"small\"><\/fb:like><\/div><\/div><p><iframe loading=\"lazy\" title=\"B\u00e4rbel Sauer \u00e4u\u00dfert sich in einem Videobeitrag zu einer aktuellen Wahlkampf-Angelegenheit in Bocholt\" width=\"640\" height=\"360\" src=\"https:\/\/www.youtube.com\/embed\/545IAMWHl0Y?feature=oembed\" frameborder=\"0\" allow=\"accelerometer; autoplay; clipboard-write; encrypted-media; gyroscope; picture-in-picture; web-share\" referrerpolicy=\"strict-origin-when-cross-origin\" allowfullscreen><\/iframe><\/p>\n","protected":false},"excerpt":{"rendered":"","protected":false},"author":1,"featured_media":0,"comment_status":"open","ping_status":"open","sticky":true,"template":"","format":"standard","meta":{"_jetpack_memberships_contains_paid_content":false,"footnotes":""},"categories":[1],"tags":[],"class_list":["post-4427","post","type-post","status-publish","format-standard","hentry","category-allgemein"],"yoast_head":"<!-- This site is optimized with the Yoast SEO plugin v27.5 - https:\/\/yoast.com\/product\/yoast-seo-wordpress\/ -->\n<title>B\u00e4rbel Sauer f\u00fcr B\u00fcrgerbeteiligung statt Hinterzimmerpolitik - Soziale Liste Bocholt<\/title>\n<meta name=\"robots\" content=\"index, follow, max-snippet:-1, max-image-preview:large, max-video-preview:-1\" \/>\n<link rel=\"canonical\" href=\"https:\/\/www.soziale-gerechtigkeit-bocholt.de\/?p=4427\" \/>\n<meta property=\"og:locale\" content=\"de_DE\" \/>\n<meta property=\"og:type\" content=\"article\" \/>\n<meta property=\"og:title\" content=\"B\u00e4rbel Sauer f\u00fcr B\u00fcrgerbeteiligung statt Hinterzimmerpolitik - Soziale Liste Bocholt\" \/>\n<meta property=\"og:url\" content=\"https:\/\/www.soziale-gerechtigkeit-bocholt.de\/?p=4427\" \/>\n<meta property=\"og:site_name\" content=\"Soziale Liste Bocholt\" \/>\n<meta property=\"article:publisher\" content=\"https:\/\/www.facebook.com\/SozialeListeBocholt\/\" \/>\n<meta property=\"article:author\" content=\"https:\/\/www.facebook.com\/SozialeListeBocholt\" \/>\n<meta property=\"article:published_time\" content=\"2025-08-13T17:35:24+00:00\" \/>\n<meta property=\"article:modified_time\" content=\"2025-08-13T17:36:23+00:00\" \/>\n<meta name=\"author\" content=\"isgbocholt\" \/>\n<meta name=\"twitter:card\" content=\"summary_large_image\" \/>\n<meta name=\"twitter:label1\" content=\"Verfasst von\" \/>\n\t<meta name=\"twitter:data1\" content=\"isgbocholt\" \/>\n<script type=\"application\/ld+json\" class=\"yoast-schema-graph\">{\"@context\":\"https:\\\/\\\/schema.org\",\"@graph\":[{\"@type\":\"Article\",\"@id\":\"https:\\\/\\\/www.soziale-gerechtigkeit-bocholt.de\\\/?p=4427#article\",\"isPartOf\":{\"@id\":\"https:\\\/\\\/www.soziale-gerechtigkeit-bocholt.de\\\/?p=4427\"},\"author\":{\"name\":\"isgbocholt\",\"@id\":\"https:\\\/\\\/www.soziale-gerechtigkeit-bocholt.de\\\/#\\\/schema\\\/person\\\/bdd4c063cacea74e815db8f283fa019d\"},\"headline\":\"B\u00e4rbel Sauer f\u00fcr B\u00fcrgerbeteiligung statt Hinterzimmerpolitik\",\"datePublished\":\"2025-08-13T17:35:24+00:00\",\"dateModified\":\"2025-08-13T17:36:23+00:00\",\"mainEntityOfPage\":{\"@id\":\"https:\\\/\\\/www.soziale-gerechtigkeit-bocholt.de\\\/?p=4427\"},\"wordCount\":21,\"commentCount\":0,\"publisher\":{\"@id\":\"https:\\\/\\\/www.soziale-gerechtigkeit-bocholt.de\\\/#organization\"},\"inLanguage\":\"de\",\"potentialAction\":[{\"@type\":\"CommentAction\",\"name\":\"Comment\",\"target\":[\"https:\\\/\\\/www.soziale-gerechtigkeit-bocholt.de\\\/?p=4427#respond\"]}]},{\"@type\":\"WebPage\",\"@id\":\"https:\\\/\\\/www.soziale-gerechtigkeit-bocholt.de\\\/?p=4427\",\"url\":\"https:\\\/\\\/www.soziale-gerechtigkeit-bocholt.de\\\/?p=4427\",\"name\":\"B\u00e4rbel Sauer f\u00fcr B\u00fcrgerbeteiligung statt Hinterzimmerpolitik - Soziale Liste Bocholt\",\"isPartOf\":{\"@id\":\"https:\\\/\\\/www.soziale-gerechtigkeit-bocholt.de\\\/#website\"},\"datePublished\":\"2025-08-13T17:35:24+00:00\",\"dateModified\":\"2025-08-13T17:36:23+00:00\",\"breadcrumb\":{\"@id\":\"https:\\\/\\\/www.soziale-gerechtigkeit-bocholt.de\\\/?p=4427#breadcrumb\"},\"inLanguage\":\"de\",\"potentialAction\":[{\"@type\":\"ReadAction\",\"target\":[\"https:\\\/\\\/www.soziale-gerechtigkeit-bocholt.de\\\/?p=4427\"]}]},{\"@type\":\"BreadcrumbList\",\"@id\":\"https:\\\/\\\/www.soziale-gerechtigkeit-bocholt.de\\\/?p=4427#breadcrumb\",\"itemListElement\":[{\"@type\":\"ListItem\",\"position\":1,\"name\":\"Startseite\",\"item\":\"https:\\\/\\\/www.soziale-gerechtigkeit-bocholt.de\\\/\"},{\"@type\":\"ListItem\",\"position\":2,\"name\":\"B\u00e4rbel Sauer f\u00fcr B\u00fcrgerbeteiligung statt Hinterzimmerpolitik\"}]},{\"@type\":\"WebSite\",\"@id\":\"https:\\\/\\\/www.soziale-gerechtigkeit-bocholt.de\\\/#website\",\"url\":\"https:\\\/\\\/www.soziale-gerechtigkeit-bocholt.de\\\/\",\"name\":\"Soziale Liste Bocholt\",\"description\":\"Unabh\u00e4ngige W\u00e4hlergemeinschaft\",\"publisher\":{\"@id\":\"https:\\\/\\\/www.soziale-gerechtigkeit-bocholt.de\\\/#organization\"},\"potentialAction\":[{\"@type\":\"SearchAction\",\"target\":{\"@type\":\"EntryPoint\",\"urlTemplate\":\"https:\\\/\\\/www.soziale-gerechtigkeit-bocholt.de\\\/?s={search_term_string}\"},\"query-input\":{\"@type\":\"PropertyValueSpecification\",\"valueRequired\":true,\"valueName\":\"search_term_string\"}}],\"inLanguage\":\"de\"},{\"@type\":\"Organization\",\"@id\":\"https:\\\/\\\/www.soziale-gerechtigkeit-bocholt.de\\\/#organization\",\"name\":\"Soziale Liste Bocholt\",\"url\":\"https:\\\/\\\/www.soziale-gerechtigkeit-bocholt.de\\\/\",\"logo\":{\"@type\":\"ImageObject\",\"inLanguage\":\"de\",\"@id\":\"https:\\\/\\\/www.soziale-gerechtigkeit-bocholt.de\\\/#\\\/schema\\\/logo\\\/image\\\/\",\"url\":\"https:\\\/\\\/www.soziale-gerechtigkeit-bocholt.de\\\/wp-content\\\/uploads\\\/2016\\\/03\\\/Logo_SozialeListeBocholt.jpg\",\"contentUrl\":\"https:\\\/\\\/www.soziale-gerechtigkeit-bocholt.de\\\/wp-content\\\/uploads\\\/2016\\\/03\\\/Logo_SozialeListeBocholt.jpg\",\"width\":1400,\"height\":1168,\"caption\":\"Soziale Liste Bocholt\"},\"image\":{\"@id\":\"https:\\\/\\\/www.soziale-gerechtigkeit-bocholt.de\\\/#\\\/schema\\\/logo\\\/image\\\/\"},\"sameAs\":[\"https:\\\/\\\/www.facebook.com\\\/SozialeListeBocholt\\\/\"]},{\"@type\":\"Person\",\"@id\":\"https:\\\/\\\/www.soziale-gerechtigkeit-bocholt.de\\\/#\\\/schema\\\/person\\\/bdd4c063cacea74e815db8f283fa019d\",\"name\":\"isgbocholt\",\"image\":{\"@type\":\"ImageObject\",\"inLanguage\":\"de\",\"@id\":\"https:\\\/\\\/secure.gravatar.com\\\/avatar\\\/5e04f278209103f3810297d9fff6e9a8fb7c2cf8fff38b5972a82a6829816d1d?s=96&d=mm&r=g\",\"url\":\"https:\\\/\\\/secure.gravatar.com\\\/avatar\\\/5e04f278209103f3810297d9fff6e9a8fb7c2cf8fff38b5972a82a6829816d1d?s=96&d=mm&r=g\",\"contentUrl\":\"https:\\\/\\\/secure.gravatar.com\\\/avatar\\\/5e04f278209103f3810297d9fff6e9a8fb7c2cf8fff38b5972a82a6829816d1d?s=96&d=mm&r=g\",\"caption\":\"isgbocholt\"},\"sameAs\":[\"http:\\\/\\\/www.facebook.com\\\/profile.php?id=100001170881432\",\"https:\\\/\\\/www.facebook.com\\\/SozialeListeBocholt\"],\"url\":\"https:\\\/\\\/www.soziale-gerechtigkeit-bocholt.de\\\/?author=1\"}]}<\/script>\n<!-- \/ Yoast SEO plugin. -->","yoast_head_json":{"title":"B\u00e4rbel Sauer f\u00fcr B\u00fcrgerbeteiligung statt Hinterzimmerpolitik - Soziale Liste Bocholt","robots":{"index":"index","follow":"follow","max-snippet":"max-snippet:-1","max-image-preview":"max-image-preview:large","max-video-preview":"max-video-preview:-1"},"canonical":"https:\/\/www.soziale-gerechtigkeit-bocholt.de\/?p=4427","og_locale":"de_DE","og_type":"article","og_title":"B\u00e4rbel Sauer f\u00fcr B\u00fcrgerbeteiligung statt Hinterzimmerpolitik - Soziale Liste Bocholt","og_url":"https:\/\/www.soziale-gerechtigkeit-bocholt.de\/?p=4427","og_site_name":"Soziale Liste Bocholt","article_publisher":"https:\/\/www.facebook.com\/SozialeListeBocholt\/","article_author":"https:\/\/www.facebook.com\/SozialeListeBocholt","article_published_time":"2025-08-13T17:35:24+00:00","article_modified_time":"2025-08-13T17:36:23+00:00","author":"isgbocholt","twitter_card":"summary_large_image","twitter_misc":{"Verfasst von":"isgbocholt"},"schema":{"@context":"https:\/\/schema.org","@graph":[{"@type":"Article","@id":"https:\/\/www.soziale-gerechtigkeit-bocholt.de\/?p=4427#article","isPartOf":{"@id":"https:\/\/www.soziale-gerechtigkeit-bocholt.de\/?p=4427"},"author":{"name":"isgbocholt","@id":"https:\/\/www.soziale-gerechtigkeit-bocholt.de\/#\/schema\/person\/bdd4c063cacea74e815db8f283fa019d"},"headline":"B\u00e4rbel Sauer f\u00fcr B\u00fcrgerbeteiligung statt Hinterzimmerpolitik","datePublished":"2025-08-13T17:35:24+00:00","dateModified":"2025-08-13T17:36:23+00:00","mainEntityOfPage":{"@id":"https:\/\/www.soziale-gerechtigkeit-bocholt.de\/?p=4427"},"wordCount":21,"commentCount":0,"publisher":{"@id":"https:\/\/www.soziale-gerechtigkeit-bocholt.de\/#organization"},"inLanguage":"de","potentialAction":[{"@type":"CommentAction","name":"Comment","target":["https:\/\/www.soziale-gerechtigkeit-bocholt.de\/?p=4427#respond"]}]},{"@type":"WebPage","@id":"https:\/\/www.soziale-gerechtigkeit-bocholt.de\/?p=4427","url":"https:\/\/www.soziale-gerechtigkeit-bocholt.de\/?p=4427","name":"B\u00e4rbel Sauer f\u00fcr B\u00fcrgerbeteiligung statt Hinterzimmerpolitik - Soziale Liste Bocholt","isPartOf":{"@id":"https:\/\/www.soziale-gerechtigkeit-bocholt.de\/#website"},"datePublished":"2025-08-13T17:35:24+00:00","dateModified":"2025-08-13T17:36:23+00:00","breadcrumb":{"@id":"https:\/\/www.soziale-gerechtigkeit-bocholt.de\/?p=4427#breadcrumb"},"inLanguage":"de","potentialAction":[{"@type":"ReadAction","target":["https:\/\/www.soziale-gerechtigkeit-bocholt.de\/?p=4427"]}]},{"@type":"BreadcrumbList","@id":"https:\/\/www.soziale-gerechtigkeit-bocholt.de\/?p=4427#breadcrumb","itemListElement":[{"@type":"ListItem","position":1,"name":"Startseite","item":"https:\/\/www.soziale-gerechtigkeit-bocholt.de\/"},{"@type":"ListItem","position":2,"name":"B\u00e4rbel Sauer f\u00fcr B\u00fcrgerbeteiligung statt Hinterzimmerpolitik"}]},{"@type":"WebSite","@id":"https:\/\/www.soziale-gerechtigkeit-bocholt.de\/#website","url":"https:\/\/www.soziale-gerechtigkeit-bocholt.de\/","name":"Soziale Liste Bocholt","description":"Unabh\u00e4ngige W\u00e4hlergemeinschaft","publisher":{"@id":"https:\/\/www.soziale-gerechtigkeit-bocholt.de\/#organization"},"potentialAction":[{"@type":"SearchAction","target":{"@type":"EntryPoint","urlTemplate":"https:\/\/www.soziale-gerechtigkeit-bocholt.de\/?s={search_term_string}"},"query-input":{"@type":"PropertyValueSpecification","valueRequired":true,"valueName":"search_term_string"}}],"inLanguage":"de"},{"@type":"Organization","@id":"https:\/\/www.soziale-gerechtigkeit-bocholt.de\/#organization","name":"Soziale Liste Bocholt","url":"https:\/\/www.soziale-gerechtigkeit-bocholt.de\/","logo":{"@type":"ImageObject","inLanguage":"de","@id":"https:\/\/www.soziale-gerechtigkeit-bocholt.de\/#\/schema\/logo\/image\/","url":"https:\/\/www.soziale-gerechtigkeit-bocholt.de\/wp-content\/uploads\/2016\/03\/Logo_SozialeListeBocholt.jpg","contentUrl":"https:\/\/www.soziale-gerechtigkeit-bocholt.de\/wp-content\/uploads\/2016\/03\/Logo_SozialeListeBocholt.jpg","width":1400,"height":1168,"caption":"Soziale Liste Bocholt"},"image":{"@id":"https:\/\/www.soziale-gerechtigkeit-bocholt.de\/#\/schema\/logo\/image\/"},"sameAs":["https:\/\/www.facebook.com\/SozialeListeBocholt\/"]},{"@type":"Person","@id":"https:\/\/www.soziale-gerechtigkeit-bocholt.de\/#\/schema\/person\/bdd4c063cacea74e815db8f283fa019d","name":"isgbocholt","image":{"@type":"ImageObject","inLanguage":"de","@id":"https:\/\/secure.gravatar.com\/avatar\/5e04f278209103f3810297d9fff6e9a8fb7c2cf8fff38b5972a82a6829816d1d?s=96&d=mm&r=g","url":"https:\/\/secure.gravatar.com\/avatar\/5e04f278209103f3810297d9fff6e9a8fb7c2cf8fff38b5972a82a6829816d1d?s=96&d=mm&r=g","contentUrl":"https:\/\/secure.gravatar.com\/avatar\/5e04f278209103f3810297d9fff6e9a8fb7c2cf8fff38b5972a82a6829816d1d?s=96&d=mm&r=g","caption":"isgbocholt"},"sameAs":["http:\/\/www.facebook.com\/profile.php?id=100001170881432","https:\/\/www.facebook.com\/SozialeListeBocholt"],"url":"https:\/\/www.soziale-gerechtigkeit-bocholt.de\/?author=1"}]}},"jetpack_featured_media_url":"","jetpack_sharing_enabled":true,"_links":{"self":[{"href":"https:\/\/www.soziale-gerechtigkeit-bocholt.de\/index.php?rest_route=\/wp\/v2\/posts\/4427","targetHints":{"allow":["GET"]}}],"collection":[{"href":"https:\/\/www.soziale-gerechtigkeit-bocholt.de\/index.php?rest_route=\/wp\/v2\/posts"}],"about":[{"href":"https:\/\/www.soziale-gerechtigkeit-bocholt.de\/index.php?rest_route=\/wp\/v2\/types\/post"}],"author":[{"embeddable":true,"href":"https:\/\/www.soziale-gerechtigkeit-bocholt.de\/index.php?rest_route=\/wp\/v2\/users\/1"}],"replies":[{"embeddable":true,"href":"https:\/\/www.soziale-gerechtigkeit-bocholt.de\/index.php?rest_route=%2Fwp%2Fv2%2Fcomments&post=4427"}],"version-history":[{"count":1,"href":"https:\/\/www.soziale-gerechtigkeit-bocholt.de\/index.php?rest_route=\/wp\/v2\/posts\/4427\/revisions"}],"predecessor-version":[{"id":4428,"href":"https:\/\/www.soziale-gerechtigkeit-bocholt.de\/index.php?rest_route=\/wp\/v2\/posts\/4427\/revisions\/4428"}],"wp:attachment":[{"href":"https:\/\/www.soziale-gerechtigkeit-bocholt.de\/index.php?rest_route=%2Fwp%2Fv2%2Fmedia&parent=4427"}],"wp:term":[{"taxonomy":"category","embeddable":true,"href":"https:\/\/www.soziale-gerechtigkeit-bocholt.de\/index.php?rest_route=%2Fwp%2Fv2%2Fcategories&post=4427"},{"taxonomy":"post_tag","embeddable":true,"href":"https:\/\/www.soziale-gerechtigkeit-bocholt.de\/index.php?rest_route=%2Fwp%2Fv2%2Ftags&post=4427"}],"curies":[{"name":"wp","href":"https:\/\/api.w.org\/{rel}","templated":true}]}}