{"id":4511,"date":"2026-04-30T21:53:29","date_gmt":"2026-04-30T21:53:29","guid":{"rendered":"https:\/\/www.soziale-gerechtigkeit-bocholt.de\/?p=4511"},"modified":"2026-04-30T22:03:00","modified_gmt":"2026-04-30T22:03:00","slug":"unterschriftenaktion-zur-grundsteuer-in-bocholt-gestartet","status":"publish","type":"post","link":"https:\/\/www.soziale-gerechtigkeit-bocholt.de\/?p=4511","title":{"rendered":"Unterschriftenaktion zur Grundsteuer in Bocholt gestartet"},"content":{"rendered":"<div class=\"fcbkbttn_buttons_block\" id=\"fcbkbttn_left\"><div class=\"fcbkbttn_button\">\n\t\t\t\t\t<a href=\"https:\/\/www.facebook.com\/\" target=\"_blank\">\n\t\t\t\t\t\t<img decoding=\"async\" src=\"https:\/\/www.soziale-gerechtigkeit-bocholt.de\/wp-content\/plugins\/facebook-button-plugin\/images\/standard-facebook-ico.png\" alt=\"Fb-Button\" \/>\n\t\t\t\t\t<\/a>\n\t\t\t\t<\/div><div class=\"fcbkbttn_like \"><fb:like href=\"https:\/\/www.soziale-gerechtigkeit-bocholt.de\/?p=4511\" action=\"like\" colorscheme=\"light\" layout=\"standard\"  width=\"225px\" size=\"small\"><\/fb:like><\/div><\/div><p>Der Rat der Stadt Bocholt entscheidet am 10. Juni um 17:00 Uhr \u00fcber die endg\u00fcltige Hebesatzsatzung zur Grundsteuer B.<\/p>\n<p>Nach aktuellem Stand soll ein einheitlicher Hebesatz von rund 750 % eingef\u00fchrt werden. Das h\u00e4tte Auswirkungen auf viele B\u00fcrgerinnen und B\u00fcrger, sowohl Eigent\u00fcmer als auch Mieter.<\/p>\n<p>Wir halten diese Entwicklung f\u00fcr kritisch und fordern:<\/p>\n<p>&#8211; mehr Zeit f\u00fcr eine rechtssichere Bewertung<\/p>\n<p>&#8211; eine ausgewogene und faire L\u00f6sung f\u00fcr alle<\/p>\n<p>Deshalb haben wir eine Unterschriftenliste vorbereitet.<br \/>\nDiese kann hier heruntergeladen, ausgedruckt und unterschrieben werden. Einfach den Link anklicken:<br \/>\n<a href=\"https:\/\/www.soziale-gerechtigkeit-bocholt.de\/wp-content\/uploads\/2026\/04\/Unterschriftenliste_Grundsteuer_Bocholt.pdf\">Unterschriftenliste_Grundsteuer_Bocholt<\/a><\/p>\n<p>Die unterschriebenen Listen bitte schnellstm\u00f6glich in unseren Haust\u00fcr-Briefkasten einwerfen.<\/p>\n<p>Jede Unterschrift z\u00e4hlt. Bitte unterst\u00fctzt die Aktion und sagt es weiter.<\/p>\n","protected":false},"excerpt":{"rendered":"<p>Der Rat der Stadt Bocholt entscheidet am 10. Juni um 17:00 Uhr &uuml;ber die endg&uuml;ltige Hebesatzsatzung zur Grundsteuer B. Nach aktuellem Stand soll ein einheitlicher Hebesatz von rund 750 % eingef&uuml;hrt werden. Das h&auml;tte Auswirkungen auf viele B&uuml;rgerinnen und B&uuml;rger, &hellip; <a href=\"https:\/\/www.soziale-gerechtigkeit-bocholt.de\/?p=4511\">Weiterlesen <span class=\"meta-nav\">&rarr;<\/span><\/a><\/p>\n","protected":false},"author":1,"featured_media":0,"comment_status":"open","ping_status":"open","sticky":true,"template":"","format":"standard","meta":{"_jetpack_memberships_contains_paid_content":false,"footnotes":""},"categories":[1],"tags":[],"class_list":["post-4511","post","type-post","status-publish","format-standard","hentry","category-allgemein"],"yoast_head":"<!-- This site is optimized with the Yoast SEO plugin v27.5 - https:\/\/yoast.com\/product\/yoast-seo-wordpress\/ -->\n<title>Unterschriftenaktion zur Grundsteuer in Bocholt gestartet - Soziale Liste Bocholt<\/title>\n<meta name=\"robots\" content=\"index, follow, max-snippet:-1, max-image-preview:large, max-video-preview:-1\" \/>\n<link rel=\"canonical\" href=\"https:\/\/www.soziale-gerechtigkeit-bocholt.de\/?p=4511\" \/>\n<meta property=\"og:locale\" content=\"de_DE\" \/>\n<meta property=\"og:type\" content=\"article\" \/>\n<meta property=\"og:title\" content=\"Unterschriftenaktion zur Grundsteuer in Bocholt gestartet - Soziale Liste Bocholt\" \/>\n<meta property=\"og:description\" content=\"Der Rat der Stadt Bocholt entscheidet am 10. Juni um 17:00 Uhr &uuml;ber die endg&uuml;ltige Hebesatzsatzung zur Grundsteuer B. Nach aktuellem Stand soll ein einheitlicher Hebesatz von rund 750 % eingef&uuml;hrt werden. Das h&auml;tte Auswirkungen auf viele B&uuml;rgerinnen und B&uuml;rger, &hellip; Weiterlesen &rarr;\" \/>\n<meta property=\"og:url\" content=\"https:\/\/www.soziale-gerechtigkeit-bocholt.de\/?p=4511\" \/>\n<meta property=\"og:site_name\" content=\"Soziale Liste Bocholt\" \/>\n<meta property=\"article:publisher\" content=\"https:\/\/www.facebook.com\/SozialeListeBocholt\/\" \/>\n<meta property=\"article:author\" content=\"https:\/\/www.facebook.com\/SozialeListeBocholt\" \/>\n<meta property=\"article:published_time\" content=\"2026-04-30T21:53:29+00:00\" \/>\n<meta property=\"article:modified_time\" content=\"2026-04-30T22:03:00+00:00\" \/>\n<meta name=\"author\" content=\"isgbocholt\" \/>\n<meta name=\"twitter:card\" content=\"summary_large_image\" \/>\n<meta name=\"twitter:label1\" content=\"Verfasst von\" \/>\n\t<meta name=\"twitter:data1\" content=\"isgbocholt\" \/>\n\t<meta name=\"twitter:label2\" content=\"Gesch\u00e4tzte Lesezeit\" \/>\n\t<meta name=\"twitter:data2\" content=\"1\u00a0Minute\" \/>\n<script type=\"application\/ld+json\" class=\"yoast-schema-graph\">{\"@context\":\"https:\\\/\\\/schema.org\",\"@graph\":[{\"@type\":\"Article\",\"@id\":\"https:\\\/\\\/www.soziale-gerechtigkeit-bocholt.de\\\/?p=4511#article\",\"isPartOf\":{\"@id\":\"https:\\\/\\\/www.soziale-gerechtigkeit-bocholt.de\\\/?p=4511\"},\"author\":{\"name\":\"isgbocholt\",\"@id\":\"https:\\\/\\\/www.soziale-gerechtigkeit-bocholt.de\\\/#\\\/schema\\\/person\\\/bdd4c063cacea74e815db8f283fa019d\"},\"headline\":\"Unterschriftenaktion zur Grundsteuer in Bocholt gestartet\",\"datePublished\":\"2026-04-30T21:53:29+00:00\",\"dateModified\":\"2026-04-30T22:03:00+00:00\",\"mainEntityOfPage\":{\"@id\":\"https:\\\/\\\/www.soziale-gerechtigkeit-bocholt.de\\\/?p=4511\"},\"wordCount\":125,\"commentCount\":0,\"publisher\":{\"@id\":\"https:\\\/\\\/www.soziale-gerechtigkeit-bocholt.de\\\/#organization\"},\"inLanguage\":\"de\",\"potentialAction\":[{\"@type\":\"CommentAction\",\"name\":\"Comment\",\"target\":[\"https:\\\/\\\/www.soziale-gerechtigkeit-bocholt.de\\\/?p=4511#respond\"]}]},{\"@type\":\"WebPage\",\"@id\":\"https:\\\/\\\/www.soziale-gerechtigkeit-bocholt.de\\\/?p=4511\",\"url\":\"https:\\\/\\\/www.soziale-gerechtigkeit-bocholt.de\\\/?p=4511\",\"name\":\"Unterschriftenaktion zur Grundsteuer in Bocholt gestartet - Soziale Liste Bocholt\",\"isPartOf\":{\"@id\":\"https:\\\/\\\/www.soziale-gerechtigkeit-bocholt.de\\\/#website\"},\"datePublished\":\"2026-04-30T21:53:29+00:00\",\"dateModified\":\"2026-04-30T22:03:00+00:00\",\"breadcrumb\":{\"@id\":\"https:\\\/\\\/www.soziale-gerechtigkeit-bocholt.de\\\/?p=4511#breadcrumb\"},\"inLanguage\":\"de\",\"potentialAction\":[{\"@type\":\"ReadAction\",\"target\":[\"https:\\\/\\\/www.soziale-gerechtigkeit-bocholt.de\\\/?p=4511\"]}]},{\"@type\":\"BreadcrumbList\",\"@id\":\"https:\\\/\\\/www.soziale-gerechtigkeit-bocholt.de\\\/?p=4511#breadcrumb\",\"itemListElement\":[{\"@type\":\"ListItem\",\"position\":1,\"name\":\"Startseite\",\"item\":\"https:\\\/\\\/www.soziale-gerechtigkeit-bocholt.de\\\/\"},{\"@type\":\"ListItem\",\"position\":2,\"name\":\"Unterschriftenaktion zur Grundsteuer in Bocholt gestartet\"}]},{\"@type\":\"WebSite\",\"@id\":\"https:\\\/\\\/www.soziale-gerechtigkeit-bocholt.de\\\/#website\",\"url\":\"https:\\\/\\\/www.soziale-gerechtigkeit-bocholt.de\\\/\",\"name\":\"Soziale Liste Bocholt\",\"description\":\"Unabh\u00e4ngige W\u00e4hlergemeinschaft\",\"publisher\":{\"@id\":\"https:\\\/\\\/www.soziale-gerechtigkeit-bocholt.de\\\/#organization\"},\"potentialAction\":[{\"@type\":\"SearchAction\",\"target\":{\"@type\":\"EntryPoint\",\"urlTemplate\":\"https:\\\/\\\/www.soziale-gerechtigkeit-bocholt.de\\\/?s={search_term_string}\"},\"query-input\":{\"@type\":\"PropertyValueSpecification\",\"valueRequired\":true,\"valueName\":\"search_term_string\"}}],\"inLanguage\":\"de\"},{\"@type\":\"Organization\",\"@id\":\"https:\\\/\\\/www.soziale-gerechtigkeit-bocholt.de\\\/#organization\",\"name\":\"Soziale Liste Bocholt\",\"url\":\"https:\\\/\\\/www.soziale-gerechtigkeit-bocholt.de\\\/\",\"logo\":{\"@type\":\"ImageObject\",\"inLanguage\":\"de\",\"@id\":\"https:\\\/\\\/www.soziale-gerechtigkeit-bocholt.de\\\/#\\\/schema\\\/logo\\\/image\\\/\",\"url\":\"https:\\\/\\\/www.soziale-gerechtigkeit-bocholt.de\\\/wp-content\\\/uploads\\\/2016\\\/03\\\/Logo_SozialeListeBocholt.jpg\",\"contentUrl\":\"https:\\\/\\\/www.soziale-gerechtigkeit-bocholt.de\\\/wp-content\\\/uploads\\\/2016\\\/03\\\/Logo_SozialeListeBocholt.jpg\",\"width\":1400,\"height\":1168,\"caption\":\"Soziale Liste Bocholt\"},\"image\":{\"@id\":\"https:\\\/\\\/www.soziale-gerechtigkeit-bocholt.de\\\/#\\\/schema\\\/logo\\\/image\\\/\"},\"sameAs\":[\"https:\\\/\\\/www.facebook.com\\\/SozialeListeBocholt\\\/\"]},{\"@type\":\"Person\",\"@id\":\"https:\\\/\\\/www.soziale-gerechtigkeit-bocholt.de\\\/#\\\/schema\\\/person\\\/bdd4c063cacea74e815db8f283fa019d\",\"name\":\"isgbocholt\",\"image\":{\"@type\":\"ImageObject\",\"inLanguage\":\"de\",\"@id\":\"https:\\\/\\\/secure.gravatar.com\\\/avatar\\\/5e04f278209103f3810297d9fff6e9a8fb7c2cf8fff38b5972a82a6829816d1d?s=96&d=mm&r=g\",\"url\":\"https:\\\/\\\/secure.gravatar.com\\\/avatar\\\/5e04f278209103f3810297d9fff6e9a8fb7c2cf8fff38b5972a82a6829816d1d?s=96&d=mm&r=g\",\"contentUrl\":\"https:\\\/\\\/secure.gravatar.com\\\/avatar\\\/5e04f278209103f3810297d9fff6e9a8fb7c2cf8fff38b5972a82a6829816d1d?s=96&d=mm&r=g\",\"caption\":\"isgbocholt\"},\"sameAs\":[\"http:\\\/\\\/www.facebook.com\\\/profile.php?id=100001170881432\",\"https:\\\/\\\/www.facebook.com\\\/SozialeListeBocholt\"],\"url\":\"https:\\\/\\\/www.soziale-gerechtigkeit-bocholt.de\\\/?author=1\"}]}<\/script>\n<!-- \/ Yoast SEO plugin. -->","yoast_head_json":{"title":"Unterschriftenaktion zur Grundsteuer in Bocholt gestartet - Soziale Liste Bocholt","robots":{"index":"index","follow":"follow","max-snippet":"max-snippet:-1","max-image-preview":"max-image-preview:large","max-video-preview":"max-video-preview:-1"},"canonical":"https:\/\/www.soziale-gerechtigkeit-bocholt.de\/?p=4511","og_locale":"de_DE","og_type":"article","og_title":"Unterschriftenaktion zur Grundsteuer in Bocholt gestartet - Soziale Liste Bocholt","og_description":"Der Rat der Stadt Bocholt entscheidet am 10. Juni um 17:00 Uhr &uuml;ber die endg&uuml;ltige Hebesatzsatzung zur Grundsteuer B. Nach aktuellem Stand soll ein einheitlicher Hebesatz von rund 750 % eingef&uuml;hrt werden. Das h&auml;tte Auswirkungen auf viele B&uuml;rgerinnen und B&uuml;rger, &hellip; Weiterlesen &rarr;","og_url":"https:\/\/www.soziale-gerechtigkeit-bocholt.de\/?p=4511","og_site_name":"Soziale Liste Bocholt","article_publisher":"https:\/\/www.facebook.com\/SozialeListeBocholt\/","article_author":"https:\/\/www.facebook.com\/SozialeListeBocholt","article_published_time":"2026-04-30T21:53:29+00:00","article_modified_time":"2026-04-30T22:03:00+00:00","author":"isgbocholt","twitter_card":"summary_large_image","twitter_misc":{"Verfasst von":"isgbocholt","Gesch\u00e4tzte Lesezeit":"1\u00a0Minute"},"schema":{"@context":"https:\/\/schema.org","@graph":[{"@type":"Article","@id":"https:\/\/www.soziale-gerechtigkeit-bocholt.de\/?p=4511#article","isPartOf":{"@id":"https:\/\/www.soziale-gerechtigkeit-bocholt.de\/?p=4511"},"author":{"name":"isgbocholt","@id":"https:\/\/www.soziale-gerechtigkeit-bocholt.de\/#\/schema\/person\/bdd4c063cacea74e815db8f283fa019d"},"headline":"Unterschriftenaktion zur Grundsteuer in Bocholt gestartet","datePublished":"2026-04-30T21:53:29+00:00","dateModified":"2026-04-30T22:03:00+00:00","mainEntityOfPage":{"@id":"https:\/\/www.soziale-gerechtigkeit-bocholt.de\/?p=4511"},"wordCount":125,"commentCount":0,"publisher":{"@id":"https:\/\/www.soziale-gerechtigkeit-bocholt.de\/#organization"},"inLanguage":"de","potentialAction":[{"@type":"CommentAction","name":"Comment","target":["https:\/\/www.soziale-gerechtigkeit-bocholt.de\/?p=4511#respond"]}]},{"@type":"WebPage","@id":"https:\/\/www.soziale-gerechtigkeit-bocholt.de\/?p=4511","url":"https:\/\/www.soziale-gerechtigkeit-bocholt.de\/?p=4511","name":"Unterschriftenaktion zur Grundsteuer in Bocholt gestartet - Soziale Liste Bocholt","isPartOf":{"@id":"https:\/\/www.soziale-gerechtigkeit-bocholt.de\/#website"},"datePublished":"2026-04-30T21:53:29+00:00","dateModified":"2026-04-30T22:03:00+00:00","breadcrumb":{"@id":"https:\/\/www.soziale-gerechtigkeit-bocholt.de\/?p=4511#breadcrumb"},"inLanguage":"de","potentialAction":[{"@type":"ReadAction","target":["https:\/\/www.soziale-gerechtigkeit-bocholt.de\/?p=4511"]}]},{"@type":"BreadcrumbList","@id":"https:\/\/www.soziale-gerechtigkeit-bocholt.de\/?p=4511#breadcrumb","itemListElement":[{"@type":"ListItem","position":1,"name":"Startseite","item":"https:\/\/www.soziale-gerechtigkeit-bocholt.de\/"},{"@type":"ListItem","position":2,"name":"Unterschriftenaktion zur Grundsteuer in Bocholt gestartet"}]},{"@type":"WebSite","@id":"https:\/\/www.soziale-gerechtigkeit-bocholt.de\/#website","url":"https:\/\/www.soziale-gerechtigkeit-bocholt.de\/","name":"Soziale Liste Bocholt","description":"Unabh\u00e4ngige W\u00e4hlergemeinschaft","publisher":{"@id":"https:\/\/www.soziale-gerechtigkeit-bocholt.de\/#organization"},"potentialAction":[{"@type":"SearchAction","target":{"@type":"EntryPoint","urlTemplate":"https:\/\/www.soziale-gerechtigkeit-bocholt.de\/?s={search_term_string}"},"query-input":{"@type":"PropertyValueSpecification","valueRequired":true,"valueName":"search_term_string"}}],"inLanguage":"de"},{"@type":"Organization","@id":"https:\/\/www.soziale-gerechtigkeit-bocholt.de\/#organization","name":"Soziale Liste Bocholt","url":"https:\/\/www.soziale-gerechtigkeit-bocholt.de\/","logo":{"@type":"ImageObject","inLanguage":"de","@id":"https:\/\/www.soziale-gerechtigkeit-bocholt.de\/#\/schema\/logo\/image\/","url":"https:\/\/www.soziale-gerechtigkeit-bocholt.de\/wp-content\/uploads\/2016\/03\/Logo_SozialeListeBocholt.jpg","contentUrl":"https:\/\/www.soziale-gerechtigkeit-bocholt.de\/wp-content\/uploads\/2016\/03\/Logo_SozialeListeBocholt.jpg","width":1400,"height":1168,"caption":"Soziale Liste Bocholt"},"image":{"@id":"https:\/\/www.soziale-gerechtigkeit-bocholt.de\/#\/schema\/logo\/image\/"},"sameAs":["https:\/\/www.facebook.com\/SozialeListeBocholt\/"]},{"@type":"Person","@id":"https:\/\/www.soziale-gerechtigkeit-bocholt.de\/#\/schema\/person\/bdd4c063cacea74e815db8f283fa019d","name":"isgbocholt","image":{"@type":"ImageObject","inLanguage":"de","@id":"https:\/\/secure.gravatar.com\/avatar\/5e04f278209103f3810297d9fff6e9a8fb7c2cf8fff38b5972a82a6829816d1d?s=96&d=mm&r=g","url":"https:\/\/secure.gravatar.com\/avatar\/5e04f278209103f3810297d9fff6e9a8fb7c2cf8fff38b5972a82a6829816d1d?s=96&d=mm&r=g","contentUrl":"https:\/\/secure.gravatar.com\/avatar\/5e04f278209103f3810297d9fff6e9a8fb7c2cf8fff38b5972a82a6829816d1d?s=96&d=mm&r=g","caption":"isgbocholt"},"sameAs":["http:\/\/www.facebook.com\/profile.php?id=100001170881432","https:\/\/www.facebook.com\/SozialeListeBocholt"],"url":"https:\/\/www.soziale-gerechtigkeit-bocholt.de\/?author=1"}]}},"jetpack_featured_media_url":"","jetpack_sharing_enabled":true,"_links":{"self":[{"href":"https:\/\/www.soziale-gerechtigkeit-bocholt.de\/index.php?rest_route=\/wp\/v2\/posts\/4511","targetHints":{"allow":["GET"]}}],"collection":[{"href":"https:\/\/www.soziale-gerechtigkeit-bocholt.de\/index.php?rest_route=\/wp\/v2\/posts"}],"about":[{"href":"https:\/\/www.soziale-gerechtigkeit-bocholt.de\/index.php?rest_route=\/wp\/v2\/types\/post"}],"author":[{"embeddable":true,"href":"https:\/\/www.soziale-gerechtigkeit-bocholt.de\/index.php?rest_route=\/wp\/v2\/users\/1"}],"replies":[{"embeddable":true,"href":"https:\/\/www.soziale-gerechtigkeit-bocholt.de\/index.php?rest_route=%2Fwp%2Fv2%2Fcomments&post=4511"}],"version-history":[{"count":4,"href":"https:\/\/www.soziale-gerechtigkeit-bocholt.de\/index.php?rest_route=\/wp\/v2\/posts\/4511\/revisions"}],"predecessor-version":[{"id":4516,"href":"https:\/\/www.soziale-gerechtigkeit-bocholt.de\/index.php?rest_route=\/wp\/v2\/posts\/4511\/revisions\/4516"}],"wp:attachment":[{"href":"https:\/\/www.soziale-gerechtigkeit-bocholt.de\/index.php?rest_route=%2Fwp%2Fv2%2Fmedia&parent=4511"}],"wp:term":[{"taxonomy":"category","embeddable":true,"href":"https:\/\/www.soziale-gerechtigkeit-bocholt.de\/index.php?rest_route=%2Fwp%2Fv2%2Fcategories&post=4511"},{"taxonomy":"post_tag","embeddable":true,"href":"https:\/\/www.soziale-gerechtigkeit-bocholt.de\/index.php?rest_route=%2Fwp%2Fv2%2Ftags&post=4511"}],"curies":[{"name":"wp","href":"https:\/\/api.w.org\/{rel}","templated":true}]}}